{"id":2557,"date":"2020-11-21T15:29:43","date_gmt":"2020-11-21T14:29:43","guid":{"rendered":"http:\/\/pierre-noblet-dev.tech\/public\/?p=2557"},"modified":"2020-12-21T17:46:33","modified_gmt":"2020-12-21T16:46:33","slug":"etrangers-demandes-a-la-prefecture-93-bis","status":"publish","type":"post","link":"https:\/\/pierre-noblet-dev.tech\/public\/etrangers-demandes-a-la-prefecture-93-bis\/","title":{"rendered":"Etrangers : demandes \u00e0 la Pr\u00e9fecture 93"},"content":{"rendered":"\t\t<div data-elementor-type=\"wp-post\" data-elementor-id=\"2557\" class=\"elementor elementor-2557\">\n\t\t\t\t\t\t<section class=\"elementor-section elementor-top-section elementor-element elementor-element-529a9352 elementor-section-boxed elementor-section-height-default elementor-section-height-default\" data-id=\"529a9352\" data-element_type=\"section\" data-e-type=\"section\">\n\t\t\t\t\t\t<div class=\"elementor-container elementor-column-gap-default\">\n\t\t\t\t\t<div class=\"elementor-column elementor-col-100 elementor-top-column elementor-element elementor-element-1430e985\" data-id=\"1430e985\" data-element_type=\"column\" data-e-type=\"column\">\n\t\t\t<div class=\"elementor-widget-wrap elementor-element-populated\">\n\t\t\t\t\t\t<div class=\"elementor-element elementor-element-63b1c39e elementor-widget elementor-widget-text-editor\" data-id=\"63b1c39e\" data-element_type=\"widget\" data-e-type=\"widget\" data-widget_type=\"text-editor.default\">\n\t\t\t\t<div class=\"elementor-widget-container\">\n\t\t\t\t\t\t\t\t\t<p><\/p>\n<p><a href=\"https:\/\/pierre-noblet-dev.tech\/public\/obtenir-un-rdv-demarches-et-recours-2019\/\" target=\"_blank\" rel=\"noreferrer noopener\">Etrangers : vos d\u00e9marches<\/a><\/p>\n<p><\/p>\n<p><\/p>\n<figure><img decoding=\"async\" src=\"https:\/\/pierre-noblet-dev.tech\/public\/wp-content\/uploads\/2020\/11\/image-1.png\" alt=\"\" \/><\/figure>\n<p><\/p>\n<p><\/p>\n<p><a href=\"https:\/\/www.seine-saint-denis.gouv.fr\/Demarches-administratives\/Etrangers-Vos-demarches\/Sejour\" target=\"_blank\" rel=\"noreferrer noopener\">Etrangers -&gt; S\u00e9jour<\/a><\/p>\n<p><\/p>\n<p><\/p>\n<figure><img decoding=\"async\" src=\"https:\/\/pierre-noblet-dev.tech\/public\/wp-content\/uploads\/2020\/11\/image-2.png\" alt=\"\" \/><\/figure>\n<figure><\/figure>\n<figure><\/figure>\n<figure><b>Article en lien : conseils de d\u00e9marches et recours (cf. fiche)<\/b><\/figure>\n<figure><strong>\u00a0<\/strong><\/figure>\n<figure><strong>1\/\u00a0<\/strong><a style=\"font-size: 15px;\" href=\"https:\/\/demarchesadministratives.fr\/demarches\/titre-de-sejour-comment-obtenir-un-rendez-vous\" target=\"_blank\" rel=\"noopener\">Obtenir un rendez-vous pour un titre de s\u00e9jour<\/a>\u00a0&#8211; source d\u00e9marchesadministratives<\/figure>\n<figure><strong>\u00a0<\/strong><\/figure>\n<figure><strong>2\/\u00a0<\/strong><strong style=\"font-family: Lato, sans-serif; font-size: 15px; font-style: normal;\">probl\u00e8me d&rsquo;acc\u00e8s aux plages de rendez-vous &#8211;\u00a0<\/strong><strong style=\"font-size: 15px;\">Mod\u00e8le email &#8211; Source La Cimade\u00a0<\/strong><\/figure>\n<p><strong style=\"font-family: Lato, sans-serif; font-size: 15px; font-style: normal;\">Penser \u00e0 garder ind\u00e9finiment la copie de ce mail<\/strong><\/p>\n<p><strong>Adresse destinataire<\/strong> :\u00a0<b style=\"font-style: inherit; padding: 0px; margin: 0px; color: #333333; font-family: Arial, Helvetica, sans-serif; font-size: 12.96px; text-align: justify;\"><a style=\"color: #0b4e7a; text-decoration-line: underline;\" href=\"mailto:pref-info-etrangers@seine-saint-denis.gouv.fr\" target=\"_self\">pref-info-etrangers@seine-saint-denis.gouv.fr<\/a><\/b><\/p>\n<p><strong>Objet\u00a0<\/strong><strong>: demande de convocation pour d\u00e9poser une demande de carte de s\u00e9jour [<em>ou de naturalisation ou de DCEM ou de regroupement familial<\/em>] \u2013 impossibilit\u00e9 de prendre rendez-vous sur internet<\/strong><\/p>\n<p><strong>Msg :<\/strong> Madame la Pr\u00e9f\u00e8te, [ou Monsieur le Pr\u00e9fet,]<\/p>\n<p>Depuis plusieurs mois, je me connecte r\u00e9guli\u00e8rement au site de la pr\u00e9fecture pour tenter de prendre un rendez-vous dans le but de d\u00e9poser ma premi\u00e8re demande de carte de s\u00e9jour \/ ma demande de renouvellement de carte de s\u00e9jour <strong>[<em>ou de naturalisation ou de DCEM ou de regroupement familial<\/em>].<\/strong><\/p>\n<p>A chaque tentative, il a \u00e9t\u00e9 impossible d\u2019obtenir un rendez-vous. J&rsquo;ai conserv\u00e9 des captures d&rsquo;\u00e9cran attestant que mes d\u00e9marches n&rsquo;ont pas abouti (voir pi\u00e8ce n\u00b0\u2026).<\/p>\n<p>J&rsquo;ai adress\u00e9 un mail le &#8230; et un courrier recommand\u00e9 le &#8230; afin de vous informer de ces difficult\u00e9s (voir pi\u00e8ces n\u00b0\u2026, \u2026 et &#8230;)<\/p>\n<p>[<em>Expliquer ici, le cas \u00e9ch\u00e9ant, les motifs qui permettent de d\u00e9montrer que l&rsquo;obtention de votre carte de s\u00e9jour est urgente. Par exemple\u00a0: <\/em><\/p>\n<p><em>&#8211; Je suis actuellement en possession d\u2019une carte de s\u00e9jour temporaire arrivant \u00e0 expiration [ou arriv\u00e9e \u00e0 expiration le \u2026<\/em><\/p>\n<p><em>&#8211; Je suis actuellement scolaris\u00e9 en &#8230; et la validation de mon ann\u00e9e scolaire n\u00e9cessite que je fasse un stage et ce stage ne peut avoir lieu sans r\u00e9c\u00e9piss\u00e9 ou titre de s\u00e9jour.]<\/em><\/p>\n<p>Il y a donc urgence \u00e0 ce que ma demande soit effectivement enregistr\u00e9e.<\/p>\n<p>Je vous remercie de bien vouloir tenir compte des nombreuses diligences effectu\u00e9es et de m&rsquo;adresser une convocation dans les plus brefs d\u00e9lais afin que ma demande de carte de s\u00e9jour [<em>ou ma demande de renouvellement de carte de s\u00e9jour <strong>ou de naturalisation ou de DCEM ou de regroupement familial<\/strong><\/em>] puisse \u00eatre d\u00e9pos\u00e9e et instruite.<\/p>\n<p>Veuillez recevoir, Madame la pr\u00e9f\u00e8re [<em>ou Monsieur le pr\u00e9fet<\/em>], l\u2019expression de ma consid\u00e9ration distingu\u00e9e.<\/p>\n<p>[<em>Pr\u00e9nom NOM<\/em>]<\/p>\n<p><strong>Pi\u00e8ces jointes\u00a0:<\/strong><\/p>\n<p>Pi\u00e8ce n\u00b0 1\u00a0:<\/p>\n<p>Pi\u00e8ce n\u00b0 2\u00a0:<\/p>\n<p>Pi\u00e8ce n\u00b0 3\u00a0:<\/p>\n<p>etc&#8230;<\/p>\n<p>\u00a0<\/p>\n<p><b>3\/\u00a0<\/b><b style=\"font-family: inherit; font-style: inherit;\">Lettre type en RAR &#8211; source La Cimade<\/b><\/p>\n<p style=\"text-align: center;\" align=\"center\"><span style=\"font-family: 'Liberation Serif',serif; mso-bidi-font-family: 'Liberation Serif';\">M<b>od\u00e8le lettre \u00e0 la pr\u00e9fecture \u2013 probl\u00e8me d&rsquo;acc\u00e8s aux plages de rendez-vous<\/b><\/span><\/p>\n<p><span style=\"font-family: 'Liberation Serif',serif; mso-bidi-font-family: 'Liberation Serif';\">\u00a0<\/span><\/p>\n<p><span style=\"font-family: 'Liberation Serif',serif; mso-bidi-font-family: 'Liberation Serif';\">Vos nom et pr\u00e9nom<\/span><\/p>\n<p><span style=\"font-family: 'Liberation Serif',serif; mso-bidi-font-family: 'Liberation Serif';\">Votre date et votre lieu de naissance<\/span><\/p>\n<p><span style=\"font-family: 'Liberation Serif',serif; mso-bidi-font-family: 'Liberation Serif';\">Votre nationalit\u00e9 <\/span><\/p>\n<p><span style=\"font-family: 'Liberation Serif',serif; mso-bidi-font-family: 'Liberation Serif';\">Votre adresse<\/span><\/p>\n<p><span style=\"font-family: 'Liberation Serif',serif; mso-bidi-font-family: 'Liberation Serif';\">Votre n\u00b0\u00a0de dossier \u00e0 la pr\u00e9fecture [<i>le cas \u00e9ch\u00e9ant<\/i>]<\/span><\/p>\n<p style=\"margin-left: 311.65pt;\"><span style=\"font-family: 'Liberation Serif',serif; mso-bidi-font-family: 'Liberation Serif';\">Monsieur le Pr\u00e9fet<\/span><\/p>\n<p style=\"margin-left: 310.85pt;\"><span style=\"font-family: 'Liberation Serif',serif; mso-bidi-font-family: 'Liberation Serif';\">Pr\u00e9fecture de&#8230;&#8230;.. <\/span><\/p>\n<p style=\"margin-left: 310.85pt;\"><span style=\"font-family: 'Liberation Serif',serif; mso-bidi-font-family: 'Liberation Serif';\">Adresse<\/span><\/p>\n<p style=\"margin-left: 310.85pt;\"><span style=\"font-family: 'Liberation Serif',serif; mso-bidi-font-family: 'Liberation Serif';\">\u00a0<\/span><\/p>\n<p style=\"margin-left: 310.85pt;\"><span style=\"font-family: 'Liberation Serif',serif; mso-bidi-font-family: 'Liberation Serif';\">Date, ville<\/span><\/p>\n<p><strong><span style=\"font-family: 'Liberation Serif',serif; mso-bidi-font-family: 'Liberation Serif';\">Lettre recommand\u00e9e avec accus\u00e9 de r\u00e9ception<\/span><\/strong><\/p>\n<p><span style=\"font-family: 'Liberation Serif',serif; mso-bidi-font-family: 'Liberation Serif';\">\u00a0<\/span><\/p>\n<p><span style=\"font-family: 'Liberation Serif',serif; mso-bidi-font-family: 'Liberation Serif';\">\u00a0<\/span><\/p>\n<p><strong><span style=\"font-family: 'Liberation Serif',serif; mso-bidi-font-family: 'Liberation Serif';\">Objet\u00a0: demande de convocation pour d\u00e9poser une demande de carte de s\u00e9jour [<i>ou de naturalisation ou de DCEM ou de regroupement familial<\/i>] \u2013 impossibilit\u00e9 de prendre rendez-vous sur internet<\/span><\/strong><\/p>\n<p><span style=\"font-family: 'Liberation Serif',serif; mso-bidi-font-family: 'Liberation Serif';\">\u00a0<\/span><\/p>\n<p><span style=\"font-family: 'Liberation Serif',serif; mso-bidi-font-family: 'Liberation Serif';\">Madame la Pr\u00e9f\u00e8te, [<i>ou Monsieur le Pr\u00e9fet,<\/i>]<\/span><\/p>\n<p><span style=\"font-family: 'Liberation Serif',serif; mso-bidi-font-family: 'Liberation Serif';\">\u00a0<\/span><\/p>\n<p style=\"margin-bottom: .0001pt;\"><span style=\"font-family: 'Liberation Serif',serif; mso-bidi-font-family: 'Liberation Serif';\">Depuis plusieurs mois, je me connecte r\u00e9guli\u00e8rement au site de la pr\u00e9fecture pour tenter de prendre un rendez-vous dans le but de d\u00e9poser ma premi\u00e8re demande de carte de s\u00e9jour \/ ma demande de renouvellement de carte de s\u00e9jour <strong><span style=\"font-family: 'Liberation Serif',serif; mso-bidi-font-family: 'Liberation Serif'; font-weight: normal;\">[<i>ou de naturalisation ou de DCEM ou de regroupement familial<\/i>].<\/span><\/strong><\/span><\/p>\n<p style=\"margin-bottom: .0001pt;\"><span style=\"font-family: 'Liberation Serif',serif; mso-bidi-font-family: 'Liberation Serif';\">\u00a0<\/span><\/p>\n<p style=\"margin-bottom: .0001pt;\"><span style=\"font-family: 'Liberation Serif',serif; mso-bidi-font-family: 'Liberation Serif';\">A chaque tentative, il a \u00e9t\u00e9 impossible d\u2019obtenir un rendez-vous. J&rsquo;ai conserv\u00e9 des captures d&rsquo;\u00e9cran attestant que mes d\u00e9marches n&rsquo;ont pas abouti (voir pi\u00e8ce n\u00b0\u2026).<\/span><\/p>\n<p style=\"margin-bottom: .0001pt;\"><span style=\"font-family: 'Liberation Serif',serif; mso-bidi-font-family: 'Liberation Serif';\">\u00a0<\/span><\/p>\n<p style=\"margin-bottom: .0001pt;\"><span style=\"font-family: 'Liberation Serif',serif; mso-bidi-font-family: 'Liberation Serif';\">J&rsquo;ai a adress\u00e9 un email le &#8230; et un courrier recommand\u00e9 le &#8230; afin de vous informer de ces difficult\u00e9s (voir pi\u00e8ces n\u00b0\u2026, \u2026 et &#8230;)<\/span><\/p>\n<p style=\"margin-bottom: .0001pt;\"><span style=\"font-family: 'Liberation Serif',serif; mso-bidi-font-family: 'Liberation Serif';\">\u00a0<\/span><\/p>\n<p style=\"margin-bottom: .0001pt;\"><span style=\"font-family: 'Liberation Serif',serif; mso-bidi-font-family: 'Liberation Serif';\">[<i>Expliquer ici, le cas \u00e9ch\u00e9ant, les motifs qui permettent de d\u00e9montrer que l&rsquo;obtention de votre carte de s\u00e9jour est urgente. Par exemple\u00a0: <\/i><\/span><\/p>\n<p style=\"margin-bottom: .0001pt;\"><i><span style=\"font-family: 'Liberation Serif',serif; mso-bidi-font-family: 'Liberation Serif';\">&#8211; Je suis actuellement en possession d\u2019une carte de s\u00e9jour temporaire arrivant \u00e0 expiration [ou arriv\u00e9e \u00e0 expiration le \u2026<\/span><\/i><\/p>\n<p style=\"margin-bottom: .0001pt;\"><i><span style=\"font-family: 'Liberation Serif',serif; mso-bidi-font-family: 'Liberation Serif';\">&#8211; Je suis actuellement scolaris\u00e9 en &#8230; et la validation de mon ann\u00e9e scolaire n\u00e9cessite que je fasse un stage et ce stage ne peut avoir lieu sans r\u00e9c\u00e9piss\u00e9 ou titre de s\u00e9jour.]<\/span><\/i><\/p>\n<p style=\"margin-bottom: .0001pt;\"><span style=\"font-family: 'Liberation Serif',serif; mso-bidi-font-family: 'Liberation Serif';\">\u00a0<\/span><\/p>\n<p style=\"margin-bottom: .0001pt;\"><span style=\"font-family: 'Liberation Serif',serif; mso-bidi-font-family: 'Liberation Serif';\">Il y a donc urgence \u00e0 ce que ma demande soit effectivement enregistr\u00e9e.<\/span><\/p>\n<p style=\"margin-bottom: .0001pt; text-align: justify;\"><span style=\"font-family: 'Liberation Serif',serif; mso-bidi-font-family: 'Liberation Serif';\">\u00a0<\/span><\/p>\n<p style=\"margin-bottom: .0001pt; text-align: justify;\"><span style=\"font-family: 'Liberation Serif',serif; mso-bidi-font-family: 'Liberation Serif';\">Je vous remercie de bien vouloir tenir compte des nombreuses diligences effectu\u00e9es et de m&rsquo;adresser une convocation dans les plus brefs d\u00e9lais afin que ma demande de carte de s\u00e9jour [<i>ou ma demande de renouvellement de carte de s\u00e9jour ou<\/i><strong><span style=\"font-family: 'Liberation Serif',serif; mso-bidi-font-family: 'Liberation Serif'; font-weight: normal;\"> <i>de naturalisation ou de DCEM ou de regroupement familial<\/i>]<\/span><\/strong> puisse \u00eatre d\u00e9pos\u00e9e et instruite.<\/span><\/p>\n<p style=\"margin-bottom: .0001pt; text-align: justify;\"><span style=\"font-family: 'Liberation Serif',serif; mso-bidi-font-family: 'Liberation Serif';\">\u00a0<\/span><\/p>\n<p style=\"margin-bottom: .0001pt; text-align: justify;\"><span style=\"font-family: 'Liberation Serif',serif; mso-bidi-font-family: 'Liberation Serif';\">\u00a0<\/span><\/p>\n<p style=\"margin-bottom: .0001pt; text-align: justify;\"><span style=\"font-family: 'Liberation Serif',serif; mso-bidi-font-family: 'Liberation Serif';\">A d\u00e9faut, je me verrais dans l\u2019obligation de saisir les juridictions administratives afin d\u2019obtenir un rendez-vous.<\/span><\/p>\n<p style=\"margin-bottom: .0001pt;\"><span style=\"font-family: 'Liberation Serif',serif; mso-bidi-font-family: 'Liberation Serif';\">\u00a0<\/span><\/p>\n<p style=\"margin-bottom: .0001pt;\"><span style=\"font-family: 'Liberation Serif',serif; mso-bidi-font-family: 'Liberation Serif';\">\u00a0<\/span><\/p>\n<p style=\"margin-bottom: .0001pt;\"><span style=\"font-family: 'Liberation Serif',serif; mso-bidi-font-family: 'Liberation Serif';\">Veuillez recevoir, Madame la pr\u00e9f\u00e8re [<i>ou Monsieur le pr\u00e9fet<\/i>], l\u2019expression de ma consid\u00e9ration distingu\u00e9e.<\/span><\/p>\n<p style=\"margin-bottom: .0001pt;\"><span style=\"font-family: 'Liberation Serif',serif; mso-bidi-font-family: 'Liberation Serif';\">\u00a0<\/span><\/p>\n<p style=\"margin-left: 255.1pt;\"><span style=\"font-family: 'Liberation Serif',serif; mso-bidi-font-family: 'Liberation Serif';\">Signature<\/span><\/p>\n<p><span style=\"font-family: 'Liberation Serif',serif; mso-bidi-font-family: 'Liberation Serif';\">\u00a0<\/span><\/p>\n<p><strong><span style=\"font-family: 'Liberation Serif',serif; mso-bidi-font-family: 'Liberation Serif';\">Pi\u00e8ces jointes\u00a0:<\/span><\/strong><\/p>\n<p><span style=\"font-family: 'Liberation Serif',serif; mso-bidi-font-family: 'Liberation Serif';\">Pi\u00e8ce n\u00b0 1\u00a0:<\/span><\/p>\n<p><span style=\"font-family: 'Liberation Serif',serif; mso-bidi-font-family: 'Liberation Serif';\">Pi\u00e8ce n\u00b0 2\u00a0:<\/span><\/p>\n<p><span style=\"font-family: 'Liberation Serif',serif; mso-bidi-font-family: 'Liberation Serif';\">Pi\u00e8ce n\u00b0 3\u00a0:<\/span><\/p>\n<p><span style=\"font-family: 'Liberation Serif',serif; mso-bidi-font-family: 'Liberation Serif';\">etc&#8230;<\/span><\/p>\n<p><span style=\"font-family: 'Liberation Serif',serif; mso-bidi-font-family: 'Liberation Serif';\">\u00a0<\/span><\/p>\n<p>\u00a0<\/p>\n<p style=\"text-align: center;\" align=\"center\"><strong><span style=\"font-family: 'Liberation Serif',serif; mso-bidi-font-family: 'Liberation Serif';\">Penser \u00e0 garder ind\u00e9finiment la copie de cette lettre et son accus\u00e9 de r\u00e9ception<\/span><\/strong><\/p>\n<figure><\/figure>\n<p><\/p>\n<p><\/p>\n<p><\/p>\t\t\t\t\t\t\t\t<\/div>\n\t\t\t\t<\/div>\n\t\t\t\t\t<\/div>\n\t\t<\/div>\n\t\t\t\t\t<\/div>\n\t\t<\/section>\n\t\t\t\t<\/div>\n\t\t","protected":false},"excerpt":{"rendered":"<p>Etrangers : vos d\u00e9marches Etrangers -&gt; S\u00e9jour<\/p>\n","protected":false},"author":2,"featured_media":0,"comment_status":"closed","ping_status":"closed","sticky":false,"template":"","format":"standard","meta":{"footnotes":""},"categories":[13],"tags":[],"class_list":["post-2557","post","type-post","status-publish","format-standard","hentry","category-personne-immigrante"],"_links":{"self":[{"href":"https:\/\/pierre-noblet-dev.tech\/public\/wp-json\/wp\/v2\/posts\/2557","targetHints":{"allow":["GET"]}}],"collection":[{"href":"https:\/\/pierre-noblet-dev.tech\/public\/wp-json\/wp\/v2\/posts"}],"about":[{"href":"https:\/\/pierre-noblet-dev.tech\/public\/wp-json\/wp\/v2\/types\/post"}],"author":[{"embeddable":true,"href":"https:\/\/pierre-noblet-dev.tech\/public\/wp-json\/wp\/v2\/users\/2"}],"replies":[{"embeddable":true,"href":"https:\/\/pierre-noblet-dev.tech\/public\/wp-json\/wp\/v2\/comments?post=2557"}],"version-history":[{"count":32,"href":"https:\/\/pierre-noblet-dev.tech\/public\/wp-json\/wp\/v2\/posts\/2557\/revisions"}],"predecessor-version":[{"id":3245,"href":"https:\/\/pierre-noblet-dev.tech\/public\/wp-json\/wp\/v2\/posts\/2557\/revisions\/3245"}],"wp:attachment":[{"href":"https:\/\/pierre-noblet-dev.tech\/public\/wp-json\/wp\/v2\/media?parent=2557"}],"wp:term":[{"taxonomy":"category","embeddable":true,"href":"https:\/\/pierre-noblet-dev.tech\/public\/wp-json\/wp\/v2\/categories?post=2557"},{"taxonomy":"post_tag","embeddable":true,"href":"https:\/\/pierre-noblet-dev.tech\/public\/wp-json\/wp\/v2\/tags?post=2557"}],"curies":[{"name":"wp","href":"https:\/\/api.w.org\/{rel}","templated":true}]}}