{"id":262,"date":"2020-03-05T15:13:31","date_gmt":"2020-03-05T14:13:31","guid":{"rendered":"http:\/\/pierre-noblet-dev.tech\/public\/?p=262"},"modified":"2021-02-23T18:44:01","modified_gmt":"2021-02-23T17:44:01","slug":"quartier-bas-montreuil-republique","status":"publish","type":"post","link":"https:\/\/pierre-noblet-dev.tech\/public\/quartier-bas-montreuil-republique\/","title":{"rendered":"Maison de Quartier Loun\u00e8s-Matoub"},"content":{"rendered":"\t\t<div data-elementor-type=\"wp-post\" data-elementor-id=\"262\" class=\"elementor elementor-262\">\n\t\t\t\t\t\t<section class=\"elementor-section elementor-top-section elementor-element elementor-element-5c69862b elementor-section-boxed elementor-section-height-default elementor-section-height-default\" data-id=\"5c69862b\" data-element_type=\"section\" data-e-type=\"section\">\n\t\t\t\t\t\t<div class=\"elementor-container elementor-column-gap-default\">\n\t\t\t\t\t<div class=\"elementor-column elementor-col-50 elementor-top-column elementor-element elementor-element-7a7a0a7d\" data-id=\"7a7a0a7d\" data-element_type=\"column\" data-e-type=\"column\">\n\t\t\t<div class=\"elementor-widget-wrap elementor-element-populated\">\n\t\t\t\t\t\t<div class=\"elementor-element elementor-element-ba594ef elementor-widget elementor-widget-text-editor\" data-id=\"ba594ef\" data-element_type=\"widget\" data-e-type=\"widget\" data-widget_type=\"text-editor.default\">\n\t\t\t\t<div class=\"elementor-widget-container\">\n\t\t\t\t\t\t\t\t\t<p><strong>Maison de Quartier Loun\u00e8s-Matoub<\/strong><\/p><p><strong>Adresse :<\/strong> 4\/6 place de la R\u00e9publique<\/p><p><strong>T\u00e9l\u00e9phone :<\/strong> 01 71 89 25 09.<\/p><p><strong>Horaire :<\/strong><br \/>Mardi : 14h00 \u2013 17h00<strong> sur rendez-vous<\/strong><br \/>Mardi : 15h00 \u2013 18h00 <strong>sur rendez-vous<\/strong><br \/>Mercredi : 14h00 \u2013 16h30 s<strong>ur rendez-vous<\/strong><br \/>Jeudi : 09h30 \u2013 11h30 sans rendez-vous<br \/>Vendredi : 14h00 \u2013 16h30 <b>sur rendez-vous<\/b><br \/>Samedi : 09h00 \u2013 12h00 <strong>sur rendez-vous<\/strong><\/p>\t\t\t\t\t\t\t\t<\/div>\n\t\t\t\t<\/div>\n\t\t\t\t\t<\/div>\n\t\t<\/div>\n\t\t\t\t<div class=\"elementor-column elementor-col-50 elementor-top-column elementor-element elementor-element-d161bd\" data-id=\"d161bd\" data-element_type=\"column\" data-e-type=\"column\">\n\t\t\t<div class=\"elementor-widget-wrap elementor-element-populated\">\n\t\t\t\t\t\t<div class=\"elementor-element elementor-element-7c404b1a elementor-widget elementor-widget-google_maps\" data-id=\"7c404b1a\" data-element_type=\"widget\" data-e-type=\"widget\" data-widget_type=\"google_maps.default\">\n\t\t\t\t<div class=\"elementor-widget-container\">\n\t\t\t\t\t\t\t<div class=\"elementor-custom-embed\">\n\t\t\t<iframe loading=\"lazy\"\n\t\t\t\t\tsrc=\"https:\/\/maps.google.com\/maps?q=4%20place%20de%20la%20republique%2093200%20Montreuil&#038;t=m&#038;z=15&#038;output=embed&#038;iwloc=near\"\n\t\t\t\t\ttitle=\"4 place de la republique 93200 Montreuil\"\n\t\t\t\t\taria-label=\"4 place de la republique 93200 Montreuil\"\n\t\t\t><\/iframe>\n\t\t<\/div>\n\t\t\t\t\t\t<\/div>\n\t\t\t\t<\/div>\n\t\t\t\t\t<\/div>\n\t\t<\/div>\n\t\t\t\t\t<\/div>\n\t\t<\/section>\n\t\t\t\t<\/div>\n\t\t","protected":false},"excerpt":{"rendered":"<p>Maison de Quartier Loun\u00e8s-Matoub Adresse : 4\/6 place de la R\u00e9publique T\u00e9l\u00e9phone : 01 71 89 25 09. Horaire : Mardi : 14h00 \u2013 17h00 sur rendez-vous Mardi : 15h00 \u2013 18h00 sur rendez-vous Mercredi : 14h00 \u2013 16h30 sur rendez-vous Jeudi : 09h30 \u2013 11h30 sans rendez-vous Vendredi : 14h00 \u2013 16h30 sur rendez-vous <a class=\"read-more\" href=\"https:\/\/pierre-noblet-dev.tech\/public\/quartier-bas-montreuil-republique\/\">Read More<\/a><\/p>\n","protected":false},"author":1,"featured_media":0,"comment_status":"closed","ping_status":"open","sticky":false,"template":"","format":"standard","meta":{"footnotes":""},"categories":[16],"tags":[37],"class_list":["post-262","post","type-post","status-publish","format-standard","hentry","category-permanences","tag-bas-montreuil-republique"],"_links":{"self":[{"href":"https:\/\/pierre-noblet-dev.tech\/public\/wp-json\/wp\/v2\/posts\/262","targetHints":{"allow":["GET"]}}],"collection":[{"href":"https:\/\/pierre-noblet-dev.tech\/public\/wp-json\/wp\/v2\/posts"}],"about":[{"href":"https:\/\/pierre-noblet-dev.tech\/public\/wp-json\/wp\/v2\/types\/post"}],"author":[{"embeddable":true,"href":"https:\/\/pierre-noblet-dev.tech\/public\/wp-json\/wp\/v2\/users\/1"}],"replies":[{"embeddable":true,"href":"https:\/\/pierre-noblet-dev.tech\/public\/wp-json\/wp\/v2\/comments?post=262"}],"version-history":[{"count":8,"href":"https:\/\/pierre-noblet-dev.tech\/public\/wp-json\/wp\/v2\/posts\/262\/revisions"}],"predecessor-version":[{"id":3582,"href":"https:\/\/pierre-noblet-dev.tech\/public\/wp-json\/wp\/v2\/posts\/262\/revisions\/3582"}],"wp:attachment":[{"href":"https:\/\/pierre-noblet-dev.tech\/public\/wp-json\/wp\/v2\/media?parent=262"}],"wp:term":[{"taxonomy":"category","embeddable":true,"href":"https:\/\/pierre-noblet-dev.tech\/public\/wp-json\/wp\/v2\/categories?post=262"},{"taxonomy":"post_tag","embeddable":true,"href":"https:\/\/pierre-noblet-dev.tech\/public\/wp-json\/wp\/v2\/tags?post=262"}],"curies":[{"name":"wp","href":"https:\/\/api.w.org\/{rel}","templated":true}]}}