{"id":3485,"date":"2021-02-23T10:53:45","date_gmt":"2021-02-23T09:53:45","guid":{"rendered":"http:\/\/pierre-noblet-dev.tech\/public\/?p=3485"},"modified":"2021-02-23T11:23:11","modified_gmt":"2021-02-23T10:23:11","slug":"antenne-vie-de-quartier-jules-verne","status":"publish","type":"post","link":"https:\/\/pierre-noblet-dev.tech\/public\/antenne-vie-de-quartier-jules-verne\/","title":{"rendered":"Antenne Vie de Quartier Jules Verne"},"content":{"rendered":"\t\t<div data-elementor-type=\"wp-post\" data-elementor-id=\"3485\" class=\"elementor elementor-3485\">\n\t\t\t\t\t\t<section class=\"elementor-section elementor-top-section elementor-element elementor-element-78947c96 elementor-section-boxed elementor-section-height-default elementor-section-height-default\" data-id=\"78947c96\" data-element_type=\"section\" data-e-type=\"section\">\n\t\t\t\t\t\t<div class=\"elementor-container elementor-column-gap-default\">\n\t\t\t\t\t<div class=\"elementor-column elementor-col-50 elementor-top-column elementor-element elementor-element-3bfa492f\" data-id=\"3bfa492f\" data-element_type=\"column\" data-e-type=\"column\">\n\t\t\t<div class=\"elementor-widget-wrap elementor-element-populated\">\n\t\t\t\t\t\t<div class=\"elementor-element elementor-element-2aa7f8bc elementor-widget elementor-widget-text-editor\" data-id=\"2aa7f8bc\" data-element_type=\"widget\" data-e-type=\"widget\" data-widget_type=\"text-editor.default\">\n\t\t\t\t<div class=\"elementor-widget-container\">\n\t\t\t\t\t\t\t\t\t<h5><strong>Antenne Vie de Quartier Jules Verne<\/strong><\/h5><p><strong>Adresse :<\/strong><br \/>65 rue \u00c9douard Branly,Montreuil<\/p><p><strong>Contact<\/strong> : 01 71 89 26 73<\/p><p><span style=\"text-decoration: underline;\"><strong>Horaires d&rsquo;ouverture :<\/strong><\/span><\/p><p>Mardi : 14 h 00 \u00e0 17 h 00 <strong>sur rendez-vous<\/strong><br \/>Mardi : 15 h 00 \u00e0 18 h 00 <strong>sur rendez-vous<\/strong><br \/>Mercredi : 14 h \u00e0 16 h 30 <strong>sur rendez-vous<\/strong><br \/>Jeudi : 09 h 30 \u00e0 11 h 30 sans rendez vous<br \/>Vendredi : 14 h 00 \u00e0 16 h 30 <strong>sur rendez vous<br \/><\/strong>Samedi : 09 H 00 \u00e0 12 h 00<strong> sur rendez vous<\/strong><\/p>\t\t\t\t\t\t\t\t<\/div>\n\t\t\t\t<\/div>\n\t\t\t\t\t<\/div>\n\t\t<\/div>\n\t\t\t\t<div class=\"elementor-column elementor-col-50 elementor-top-column elementor-element elementor-element-2065f3fe\" data-id=\"2065f3fe\" data-element_type=\"column\" data-e-type=\"column\">\n\t\t\t<div class=\"elementor-widget-wrap elementor-element-populated\">\n\t\t\t\t\t\t<div class=\"elementor-element elementor-element-1c227471 elementor-widget elementor-widget-google_maps\" data-id=\"1c227471\" data-element_type=\"widget\" data-e-type=\"widget\" data-widget_type=\"google_maps.default\">\n\t\t\t\t<div class=\"elementor-widget-container\">\n\t\t\t\t\t\t\t<div class=\"elementor-custom-embed\">\n\t\t\t<iframe loading=\"lazy\"\n\t\t\t\t\tsrc=\"https:\/\/maps.google.com\/maps?q=65%20rue%20%C3%89douard%20Branly%2CMontreuil&#038;t=m&#038;z=15&#038;output=embed&#038;iwloc=near\"\n\t\t\t\t\ttitle=\"65 rue \u00c9douard Branly,Montreuil\"\n\t\t\t\t\taria-label=\"65 rue \u00c9douard Branly,Montreuil\"\n\t\t\t><\/iframe>\n\t\t<\/div>\n\t\t\t\t\t\t<\/div>\n\t\t\t\t<\/div>\n\t\t\t\t\t<\/div>\n\t\t<\/div>\n\t\t\t\t\t<\/div>\n\t\t<\/section>\n\t\t\t\t<\/div>\n\t\t","protected":false},"excerpt":{"rendered":"<p>Antenne Vie de Quartier Jules Verne Adresse : 65 rue \u00c9douard Branly,Montreuil Contact : 01 71 89 26 73 Horaires d&rsquo;ouverture : Mardi : 14 h 00 \u00e0 17 h 00 sur rendez-vous Mardi : 15 h 00 \u00e0 18 h 00 sur rendez-vous Mercredi : 14 h \u00e0 16 h 30 sur rendez-vous Jeudi <a class=\"read-more\" href=\"https:\/\/pierre-noblet-dev.tech\/public\/antenne-vie-de-quartier-jules-verne\/\">Read More<\/a><\/p>\n","protected":false},"author":1,"featured_media":0,"comment_status":"closed","ping_status":"closed","sticky":false,"template":"","format":"standard","meta":{"footnotes":""},"categories":[16],"tags":[28],"class_list":["post-3485","post","type-post","status-publish","format-standard","hentry","category-permanences","tag-branly-boissiere"],"_links":{"self":[{"href":"https:\/\/pierre-noblet-dev.tech\/public\/wp-json\/wp\/v2\/posts\/3485","targetHints":{"allow":["GET"]}}],"collection":[{"href":"https:\/\/pierre-noblet-dev.tech\/public\/wp-json\/wp\/v2\/posts"}],"about":[{"href":"https:\/\/pierre-noblet-dev.tech\/public\/wp-json\/wp\/v2\/types\/post"}],"author":[{"embeddable":true,"href":"https:\/\/pierre-noblet-dev.tech\/public\/wp-json\/wp\/v2\/users\/1"}],"replies":[{"embeddable":true,"href":"https:\/\/pierre-noblet-dev.tech\/public\/wp-json\/wp\/v2\/comments?post=3485"}],"version-history":[{"count":5,"href":"https:\/\/pierre-noblet-dev.tech\/public\/wp-json\/wp\/v2\/posts\/3485\/revisions"}],"predecessor-version":[{"id":3490,"href":"https:\/\/pierre-noblet-dev.tech\/public\/wp-json\/wp\/v2\/posts\/3485\/revisions\/3490"}],"wp:attachment":[{"href":"https:\/\/pierre-noblet-dev.tech\/public\/wp-json\/wp\/v2\/media?parent=3485"}],"wp:term":[{"taxonomy":"category","embeddable":true,"href":"https:\/\/pierre-noblet-dev.tech\/public\/wp-json\/wp\/v2\/categories?post=3485"},{"taxonomy":"post_tag","embeddable":true,"href":"https:\/\/pierre-noblet-dev.tech\/public\/wp-json\/wp\/v2\/tags?post=3485"}],"curies":[{"name":"wp","href":"https:\/\/api.w.org\/{rel}","templated":true}]}}