{"id":3494,"date":"2021-02-23T11:07:46","date_gmt":"2021-02-23T10:07:46","guid":{"rendered":"http:\/\/pierre-noblet-dev.tech\/public\/?p=3494"},"modified":"2021-02-23T11:16:46","modified_gmt":"2021-02-23T10:16:46","slug":"centre-social-sfm","status":"publish","type":"post","link":"https:\/\/pierre-noblet-dev.tech\/public\/centre-social-sfm\/","title":{"rendered":"Centre social SFM"},"content":{"rendered":"\t\t<div data-elementor-type=\"wp-post\" data-elementor-id=\"3494\" class=\"elementor elementor-3494\">\n\t\t\t\t\t\t<section class=\"elementor-section elementor-top-section elementor-element elementor-element-634967e3 elementor-section-boxed elementor-section-height-default elementor-section-height-default\" data-id=\"634967e3\" data-element_type=\"section\" data-e-type=\"section\">\n\t\t\t\t\t\t<div class=\"elementor-container elementor-column-gap-default\">\n\t\t\t\t\t<div class=\"elementor-column elementor-col-50 elementor-top-column elementor-element elementor-element-5962ba83\" data-id=\"5962ba83\" data-element_type=\"column\" data-e-type=\"column\">\n\t\t\t<div class=\"elementor-widget-wrap elementor-element-populated\">\n\t\t\t\t\t\t<div class=\"elementor-element elementor-element-3e4a4cd3 elementor-widget elementor-widget-text-editor\" data-id=\"3e4a4cd3\" data-element_type=\"widget\" data-e-type=\"widget\" data-widget_type=\"text-editor.default\">\n\t\t\t\t<div class=\"elementor-widget-container\">\n\t\t\t\t\t\t\t\t\t<h5><strong>Centre social SFM<\/strong><strong><br \/><\/strong><\/h5><p><strong>Adresse :<\/strong><br \/>1 avenue du Pr\u00e9sident Salvador Allende,Montreuil<\/p><p><strong>Contact<\/strong> : 01 48 57 67 12<\/p><p><span style=\"text-decoration: underline;\"><strong>Horaires d&rsquo;ouverture :<\/strong><\/span><\/p><p>Mardi : 14 h 00 \u00e0 17 h 00 <strong>sur rendez-vous<\/strong><br \/>Mardi : 15 h 00 \u00e0 18 h 00 <strong>sur rendez-vous<\/strong><br \/>Mercredi : 14 h \u00e0 16 h 30 <strong>sur rendez-vous<\/strong><br \/>Jeudi : 09 h 30 \u00e0 11 h 30 sans rendez vous<br \/>Vendredi : 14 h 00 \u00e0 16 h 30 <strong>sur rendez vous<br \/><\/strong>Samedi : 09 H 00 \u00e0 12 h 00<strong> sur rendez vous<\/strong><\/p>\t\t\t\t\t\t\t\t<\/div>\n\t\t\t\t<\/div>\n\t\t\t\t\t<\/div>\n\t\t<\/div>\n\t\t\t\t<div class=\"elementor-column elementor-col-50 elementor-top-column elementor-element elementor-element-6ff67ab8\" data-id=\"6ff67ab8\" data-element_type=\"column\" data-e-type=\"column\">\n\t\t\t<div class=\"elementor-widget-wrap elementor-element-populated\">\n\t\t\t\t\t\t<div class=\"elementor-element elementor-element-3d169092 elementor-widget elementor-widget-google_maps\" data-id=\"3d169092\" data-element_type=\"widget\" data-e-type=\"widget\" data-widget_type=\"google_maps.default\">\n\t\t\t\t<div class=\"elementor-widget-container\">\n\t\t\t\t\t\t\t<div class=\"elementor-custom-embed\">\n\t\t\t<iframe loading=\"lazy\"\n\t\t\t\t\tsrc=\"https:\/\/maps.google.com\/maps?q=1%20avenue%20du%20Pr%C3%A9sident%20Salvador%20Allende%2CMontreuil&#038;t=m&#038;z=15&#038;output=embed&#038;iwloc=near\"\n\t\t\t\t\ttitle=\"1 avenue du Pr\u00e9sident Salvador Allende,Montreuil\"\n\t\t\t\t\taria-label=\"1 avenue du Pr\u00e9sident Salvador Allende,Montreuil\"\n\t\t\t><\/iframe>\n\t\t<\/div>\n\t\t\t\t\t\t<\/div>\n\t\t\t\t<\/div>\n\t\t\t\t\t<\/div>\n\t\t<\/div>\n\t\t\t\t\t<\/div>\n\t\t<\/section>\n\t\t\t\t<\/div>\n\t\t","protected":false},"excerpt":{"rendered":"<p>Centre social SFM Adresse : 1 avenue du Pr\u00e9sident Salvador Allende,Montreuil Contact : 01 48 57 67 12 Horaires d&rsquo;ouverture : Mardi : 14 h 00 \u00e0 17 h 00 sur rendez-vous Mardi : 15 h 00 \u00e0 18 h 00 sur rendez-vous Mercredi : 14 h \u00e0 16 h 30 sur rendez-vous Jeudi : <a class=\"read-more\" href=\"https:\/\/pierre-noblet-dev.tech\/public\/centre-social-sfm\/\">Read More<\/a><\/p>\n","protected":false},"author":1,"featured_media":0,"comment_status":"closed","ping_status":"closed","sticky":false,"template":"","format":"standard","meta":{"footnotes":""},"categories":[16],"tags":[28],"class_list":["post-3494","post","type-post","status-publish","format-standard","hentry","category-permanences","tag-branly-boissiere"],"_links":{"self":[{"href":"https:\/\/pierre-noblet-dev.tech\/public\/wp-json\/wp\/v2\/posts\/3494","targetHints":{"allow":["GET"]}}],"collection":[{"href":"https:\/\/pierre-noblet-dev.tech\/public\/wp-json\/wp\/v2\/posts"}],"about":[{"href":"https:\/\/pierre-noblet-dev.tech\/public\/wp-json\/wp\/v2\/types\/post"}],"author":[{"embeddable":true,"href":"https:\/\/pierre-noblet-dev.tech\/public\/wp-json\/wp\/v2\/users\/1"}],"replies":[{"embeddable":true,"href":"https:\/\/pierre-noblet-dev.tech\/public\/wp-json\/wp\/v2\/comments?post=3494"}],"version-history":[{"count":5,"href":"https:\/\/pierre-noblet-dev.tech\/public\/wp-json\/wp\/v2\/posts\/3494\/revisions"}],"predecessor-version":[{"id":3499,"href":"https:\/\/pierre-noblet-dev.tech\/public\/wp-json\/wp\/v2\/posts\/3494\/revisions\/3499"}],"wp:attachment":[{"href":"https:\/\/pierre-noblet-dev.tech\/public\/wp-json\/wp\/v2\/media?parent=3494"}],"wp:term":[{"taxonomy":"category","embeddable":true,"href":"https:\/\/pierre-noblet-dev.tech\/public\/wp-json\/wp\/v2\/categories?post=3494"},{"taxonomy":"post_tag","embeddable":true,"href":"https:\/\/pierre-noblet-dev.tech\/public\/wp-json\/wp\/v2\/tags?post=3494"}],"curies":[{"name":"wp","href":"https:\/\/api.w.org\/{rel}","templated":true}]}}